{"id":21952,"date":"2022-02-08T14:39:06","date_gmt":"2022-02-08T13:39:06","guid":{"rendered":"https:\/\/ritme.com\/rendez-vous-a-dakar\/"},"modified":"2022-03-31T13:28:07","modified_gmt":"2022-03-31T11:28:07","slug":"rendez-vous-a-dakar","status":"publish","type":"post","link":"https:\/\/ritme.com\/it\/rendez-vous-a-dakar\/","title":{"rendered":"RITME si impegna a salvare &#8220;piccoli cuori malati&#8221;"},"content":{"rendered":"\n<div class=\"wp-block-getwid-advanced-spacer\" style=\"height:30px\" aria-hidden=\"true\"><\/div>\n\n\n\n<section class=\"wp-block-uagb-columns uagb-columns__wrap uagb-columns__background-undefined uagb-columns__stack-mobile uagb-columns__valign-undefined uagb-columns__gap-10 alignundefined uagb-block-77a84db3\"><div class=\"uagb-columns__overlay\"><\/div><div class=\"uagb-columns__inner-wrap uagb-columns__columns-2\">\n<div class=\"wp-block-uagb-column uagb-column__wrap uagb-column__background-undefined uagb-block-f19fb06a\"><div class=\"uagb-column__overlay\"><\/div><div class=\"uagb-column__inner-wrap\">\n<div class=\"wp-block-image\"><figure class=\"aligncenter size-full is-resized\"><img loading=\"lazy\" decoding=\"async\" src=\"https:\/\/ritme.com\/wp-content\/uploads\/2022\/02\/RDV-DAKAR-150px.png\" alt=\"\" class=\"wp-image-21680\" width=\"150\" height=\"150\"\/><\/figure><\/div>\n<\/div><\/div>\n\n\n\n<div class=\"wp-block-uagb-column uagb-column__wrap uagb-column__background-undefined uagb-block-553f8948\"><div class=\"uagb-column__overlay\"><\/div><div class=\"uagb-column__inner-wrap\">\n<p>Il team RITME \u00e8 orgoglioso di sostenere la <strong>spedizione <strong>umanitaria<\/strong><\/strong>&nbsp;<strong><a href=\"https:\/\/bit.ly\/3rC9eXn\" target=\"_blank\" rel=\"noreferrer noopener\"><mark style=\"background-color:rgba(0, 0, 0, 0)\" class=\"has-inline-color has-ritme-blue-color\">RENDEZ-VOUS \u00c0&nbsp;DAKAR<\/mark><\/a><\/strong>. Durante questa spedizione, l&#8217;avventuriero&nbsp;<strong><a href=\"https:\/\/www.instagram.com\/tamagerard\/\" target=\"_blank\" rel=\"noreferrer noopener\"><mark style=\"background-color:rgba(0, 0, 0, 0)\" class=\"has-inline-color has-ritme-blue-color\">Thomas G\u00c9RARD<\/mark><\/a>&nbsp;<\/strong>affronter\u00e0 la<strong> <\/strong>sfida di andare in moto da Parigi a Dakar, in totale autonomia e senza assistenza. Pi\u00f9 di 7.000 km lo attendono attraverso Francia, Spagna, Marocco, Sahara occidentale, Mauritania e Senegal.<\/p>\n<\/div><\/div>\n<\/div><\/section>\n\n\n\n<div class=\"wp-block-getwid-advanced-spacer\" style=\"height:30px\" aria-hidden=\"true\"><\/div>\n\n\n\n<p><strong>\u200b<strong>L&#8217;obiettivo della spedizione <\/strong>\u00e8 di raccogliere <strong>48.000 euro in donazioni <\/strong>per l&#8217;associazione<\/strong>&nbsp;<strong><a href=\"https:\/\/bit.ly\/3uBkl4E\u200b\" target=\"_blank\" rel=\"noreferrer noopener\"><mark style=\"background-color:rgba(0, 0, 0, 0)\" class=\"has-inline-color has-ritme-blue-color\">M\u00e9c\u00e9nat Chirurgie Cardiaque<\/mark><\/a><\/strong>.&nbsp;Questa somma permetter\u00e0 di operare <strong>4 bambini <\/strong>di paesi svantaggiati che soffrono di malformazioni cardiache.&nbsp;<\/p>\n\n\n\n<div class=\"wp-block-buttons is-content-justification-center is-layout-flex wp-container-core-buttons-is-layout-16018d1d wp-block-buttons-is-layout-flex\">\n<div class=\"wp-block-button\"><a class=\"wp-block-button__link\" href=\"https:\/\/bit.ly\/3uBkl4E\u200b\" target=\"_blank\" rel=\"noreferrer noopener\">FARE UNA DONAZIONE<\/a><\/div>\n<\/div>\n\n\n\n<div class=\"wp-block-getwid-advanced-spacer\" style=\"height:40px\" aria-hidden=\"true\"><\/div>\n\n\n\n<div class=\"wp-block-image is-style-rounded\"><figure class=\"aligncenter size-full is-resized\"><img loading=\"lazy\" decoding=\"async\" src=\"https:\/\/ritme.com\/wp-content\/uploads\/2022\/02\/mission-mecenat-chirurgie-cardiaque-800-1.png\" alt=\"\" class=\"wp-image-21722\" width=\"783\" height=\"324\" srcset=\"https:\/\/ritme.com\/wp-content\/uploads\/2022\/02\/mission-mecenat-chirurgie-cardiaque-800-1.png 800w, https:\/\/ritme.com\/wp-content\/uploads\/2022\/02\/mission-mecenat-chirurgie-cardiaque-800-1-500x207.png 500w, https:\/\/ritme.com\/wp-content\/uploads\/2022\/02\/mission-mecenat-chirurgie-cardiaque-800-1-768x318.png 768w\" sizes=\"auto, (max-width: 783px) 100vw, 783px\" \/><\/figure><\/div>\n\n\n\n<div class=\"wp-block-getwid-advanced-spacer\" style=\"height:30px\" aria-hidden=\"true\"><\/div>\n\n\n\n<section class=\"wp-block-uagb-columns uagb-columns__wrap uagb-columns__background-undefined uagb-columns__stack-mobile uagb-columns__valign-undefined uagb-columns__gap-10 alignundefined uagb-block-261b70bd\"><div class=\"uagb-columns__overlay\"><\/div><div class=\"uagb-columns__inner-wrap uagb-columns__columns-2\">\n<div class=\"wp-block-uagb-column uagb-column__wrap uagb-column__background-undefined uagb-block-e825fd35\"><div class=\"uagb-column__overlay\"><\/div><div class=\"uagb-column__inner-wrap\">\n<p>L&#8217;associazione <strong>M\u00e9c\u00e9nat Chirurgie Cardiaque <\/strong>permette ai bambini con difetti cardiaci di venire in Francia ed essere operati quando non possono essere trattati nel loro paese d&#8217;origine per mancanza di risorse finanziarie e tecniche.<\/p>\n<\/div><\/div>\n\n\n\n<div class=\"wp-block-uagb-column uagb-column__wrap uagb-column__background-undefined uagb-block-d4effa21\"><div class=\"uagb-column__overlay\"><\/div><div class=\"uagb-column__inner-wrap\">\n<div class=\"wp-block-image\"><figure class=\"aligncenter size-full\"><img loading=\"lazy\" decoding=\"async\" width=\"318\" height=\"138\" src=\"https:\/\/ritme.com\/wp-content\/uploads\/2022\/02\/Me\u0301ce\u0301nat_Chirurgie_cardiaque_138px.png\" alt=\"\" class=\"wp-image-21696\"\/><\/figure><\/div>\n<\/div><\/div>\n<\/div><\/section>\n\n\n\n<p>Pi\u00f9 di 3.700 bambini sono gi\u00e0 stati curati dalla sua creazione nel 1996, ospitati in famiglie di volontari e operati in nove ospedali in Francia.<\/p>\n\n\n\n<div class=\"wp-block-getwid-advanced-spacer\" style=\"height:30px\" aria-hidden=\"true\"><\/div>\n\n\n\n<div class=\"wp-block-image is-style-rounded\"><figure class=\"aligncenter size-full\"><img loading=\"lazy\" decoding=\"async\" width=\"800\" height=\"336\" src=\"https:\/\/ritme.com\/wp-content\/uploads\/2022\/02\/2022-01-31-RDV-O\u0308-DAKAR-Thomas-Gerard-Photographe-Indiana-Anders-32.png\" alt=\"\" class=\"wp-image-21752\" srcset=\"https:\/\/ritme.com\/wp-content\/uploads\/2022\/02\/2022-01-31-RDV-O\u0308-DAKAR-Thomas-Gerard-Photographe-Indiana-Anders-32.png 800w, https:\/\/ritme.com\/wp-content\/uploads\/2022\/02\/2022-01-31-RDV-O\u0308-DAKAR-Thomas-Gerard-Photographe-Indiana-Anders-32-500x210.png 500w, https:\/\/ritme.com\/wp-content\/uploads\/2022\/02\/2022-01-31-RDV-O\u0308-DAKAR-Thomas-Gerard-Photographe-Indiana-Anders-32-768x323.png 768w\" sizes=\"auto, (max-width: 800px) 100vw, 800px\" \/><\/figure><\/div>\n\n\n\n<div class=\"wp-block-getwid-advanced-spacer\" style=\"height:30px\" aria-hidden=\"true\"><\/div>\n\n\n\n<p>Durante tutto il suo raid, che inizier\u00e0 il <strong>24 febbraio<\/strong>, Thomas ci dar\u00e0 notizie per farci scoprire grandi paesaggi e farci vivere incontri umani.<\/p>\n\n\n\n<p>\u200b<\/p>\n\n\n\n<p class=\"has-medium-font-size\"><strong><mark style=\"background-color:rgba(0, 0, 0, 0)\" class=\"has-inline-color has-ritme-blue-color\">Visita questa pagina, che sar\u00e0 regolarmente aggiornata, per seguire le sue avventure!<\/mark><\/strong><\/p>\n\n\n\n<p>\u200b<\/p>\n\n\n\n<p>Tutta la squadra \u00e8 dietro di lui per incoraggiarlo in questo viaggio e vi invita a partecipare facendo una <strong><a href=\"https:\/\/bit.ly\/3uBkl4E\u200b\" target=\"_blank\" rel=\"noreferrer noopener\"><mark style=\"background-color:rgba(0, 0, 0, 0)\" class=\"has-inline-color has-ritme-blue-color\">donazione<\/mark><\/a><\/strong>&nbsp;o visitando il&nbsp;<strong><a href=\"https:\/\/bit.ly\/3ryEExM\u200b\" target=\"_blank\" rel=\"noreferrer noopener\"><mark style=\"background-color:rgba(0, 0, 0, 0)\" class=\"has-inline-color has-ritme-blue-color\">negozio online<\/mark><\/a>&nbsp;<\/strong>(il 100% dei profitti \u00e8 devoluto all&#8217;associazione).<\/p>\n\n\n\n<div class=\"wp-block-getwid-advanced-spacer\" style=\"height:30px\" aria-hidden=\"true\"><\/div>\n\n\n\n<hr class=\"wp-block-separator\"\/>\n\n\n\n<h2 class=\"wp-block-heading\" id=\"il-viaggio-di-thomas\">Il viaggio di Thomas<\/h2>\n\n\n\n<p><strong><mark style=\"background-color:rgba(0, 0, 0, 0)\" class=\"has-inline-color has-ritme-blue-color\">31 mazo 2022<\/mark>&nbsp;<\/strong>|&nbsp;<em>Arrivo a Dakar<\/em><\/p>\n\n\n\n<p>\u00c8 questo! Dopo venti giorni di avventura, \ud83d\udc4f <a href=\"https:\/\/www.linkedin.com\/in\/ACoAACtD_YkBCGqsU5TWd4gIUdtYQrAX3yqagCA\" target=\"_blank\" rel=\"noreferrer noopener\"><mark style=\"background-color:rgba(0, 0, 0, 0)\" class=\"has-inline-color has-ritme-blue-color\">Thomas GERARD<\/mark><\/a> ha finalmente raggiunto il suo obiettivo arrivando a Dakar. Congratulazioni a lui!<\/p>\n\n\n\n<section class=\"wp-block-uagb-columns uagb-columns__wrap uagb-columns__background-undefined uagb-columns__stack-mobile uagb-columns__valign-undefined uagb-columns__gap-10 alignundefined uagb-block-7a653f90\"><div class=\"uagb-columns__overlay\"><\/div><div class=\"uagb-columns__inner-wrap uagb-columns__columns-2\">\n<div class=\"wp-block-uagb-column uagb-column__wrap uagb-column__background-undefined uagb-block-6fe2f93b\"><div class=\"uagb-column__overlay\"><\/div><div class=\"uagb-column__inner-wrap\">\n<figure class=\"wp-block-image size-large\"><img loading=\"lazy\" decoding=\"async\" width=\"821\" height=\"1024\" src=\"https:\/\/ritme.com\/wp-content\/uploads\/2022\/02\/1648712460078-821x1024.jpeg\" alt=\"\" class=\"wp-image-22493\" srcset=\"https:\/\/ritme.com\/wp-content\/uploads\/2022\/02\/1648712460078-821x1024.jpeg 821w, https:\/\/ritme.com\/wp-content\/uploads\/2022\/02\/1648712460078-401x500.jpeg 401w, https:\/\/ritme.com\/wp-content\/uploads\/2022\/02\/1648712460078-768x958.jpeg 768w, https:\/\/ritme.com\/wp-content\/uploads\/2022\/02\/1648712460078-1232x1536.jpeg 1232w, https:\/\/ritme.com\/wp-content\/uploads\/2022\/02\/1648712460078.jpeg 1280w\" sizes=\"auto, (max-width: 821px) 100vw, 821px\" \/><\/figure>\n<\/div><\/div>\n\n\n\n<div class=\"wp-block-uagb-column uagb-column__wrap uagb-column__background-undefined uagb-block-769e11df\"><div class=\"uagb-column__overlay\"><\/div><div class=\"uagb-column__inner-wrap\">\n<figure class=\"wp-block-image size-full\"><img loading=\"lazy\" decoding=\"async\" width=\"570\" height=\"570\" src=\"https:\/\/ritme.com\/wp-content\/uploads\/2022\/02\/1648712459579.jpeg\" alt=\"\" class=\"wp-image-22489\" srcset=\"https:\/\/ritme.com\/wp-content\/uploads\/2022\/02\/1648712459579.jpeg 570w, https:\/\/ritme.com\/wp-content\/uploads\/2022\/02\/1648712459579-500x500.jpeg 500w, https:\/\/ritme.com\/wp-content\/uploads\/2022\/02\/1648712459579-300x300.jpeg 300w\" sizes=\"auto, (max-width: 570px) 100vw, 570px\" \/><\/figure>\n\n\n\n<hr class=\"wp-block-separator\"\/>\n\n\n\n<p>Un viaggio in moto di 7.800 km, di cui diverse migliaia nella sabbia del Sahara, alcune centinaia di cadute e decine di incontri indimenticabili.<\/p>\n\n\n\n<p>Sostieni l&#8217;associazione facendo una <a href=\"https:\/\/relaisducoeur.mecenat-cardiaque.org\/projects\/rendez-vous-a-dakar-ride-for-heart?page_payment=2\" target=\"_blank\" rel=\"noreferrer noopener\"><mark style=\"background-color:rgba(0, 0, 0, 0)\" class=\"has-inline-color has-ritme-blue-color\">donazione<\/mark><\/a> per &#8220;salvare piccoli cuori malati&#8221;.<\/p>\n<\/div><\/div>\n<\/div><\/section>\n\n\n\n<div class=\"wp-block-getwid-advanced-spacer\" style=\"height:30px\" aria-hidden=\"true\"><\/div>\n\n\n\n<hr class=\"wp-block-separator\"\/>\n\n\n\n<p><strong><mark style=\"background-color:rgba(0, 0, 0, 0)\" class=\"has-inline-color has-ritme-blue-color\">24 mazo 2022<\/mark>&nbsp;<\/strong>|&nbsp;<em>Arrivo in Senegal<\/em><\/p>\n\n\n\n<section class=\"wp-block-uagb-columns uagb-columns__wrap uagb-columns__background-undefined uagb-columns__stack-mobile uagb-columns__valign-undefined uagb-columns__gap-10 alignundefined uagb-block-c5faa177\"><div class=\"uagb-columns__overlay\"><\/div><div class=\"uagb-columns__inner-wrap uagb-columns__columns-2\">\n<div class=\"wp-block-uagb-column uagb-column__wrap uagb-column__background-undefined uagb-block-32ec98d3\"><div class=\"uagb-column__overlay\"><\/div><div class=\"uagb-column__inner-wrap\">\n<figure class=\"wp-block-image size-large\"><img loading=\"lazy\" decoding=\"async\" width=\"1024\" height=\"768\" src=\"https:\/\/ritme.com\/wp-content\/uploads\/2022\/03\/1648122902037-1024x768.jpeg\" alt=\"\" class=\"wp-image-22341\" srcset=\"https:\/\/ritme.com\/wp-content\/uploads\/2022\/03\/1648122902037-1024x768.jpeg 1024w, https:\/\/ritme.com\/wp-content\/uploads\/2022\/03\/1648122902037-500x375.jpeg 500w, https:\/\/ritme.com\/wp-content\/uploads\/2022\/03\/1648122902037-768x576.jpeg 768w, https:\/\/ritme.com\/wp-content\/uploads\/2022\/03\/1648122902037.jpeg 1440w\" sizes=\"auto, (max-width: 1024px) 100vw, 1024px\" \/><\/figure>\n\n\n\n<figure class=\"wp-block-image size-large\"><img loading=\"lazy\" decoding=\"async\" width=\"1024\" height=\"579\" src=\"https:\/\/ritme.com\/wp-content\/uploads\/2022\/03\/1648122902258-1-1024x579.jpeg\" alt=\"\" class=\"wp-image-22357\" srcset=\"https:\/\/ritme.com\/wp-content\/uploads\/2022\/03\/1648122902258-1-1024x579.jpeg 1024w, https:\/\/ritme.com\/wp-content\/uploads\/2022\/03\/1648122902258-1-500x283.jpeg 500w, https:\/\/ritme.com\/wp-content\/uploads\/2022\/03\/1648122902258-1-768x434.jpeg 768w, https:\/\/ritme.com\/wp-content\/uploads\/2022\/03\/1648122902258-1.jpeg 1157w\" sizes=\"auto, (max-width: 1024px) 100vw, 1024px\" \/><\/figure>\n<\/div><\/div>\n\n\n\n<div class=\"wp-block-uagb-column uagb-column__wrap uagb-column__background-undefined uagb-block-9d568610\"><div class=\"uagb-column__overlay\"><\/div><div class=\"uagb-column__inner-wrap\">\n<figure class=\"wp-block-image size-large\"><img loading=\"lazy\" decoding=\"async\" width=\"819\" height=\"1024\" src=\"https:\/\/ritme.com\/wp-content\/uploads\/2022\/03\/1648122902051-1-819x1024.jpeg\" alt=\"\" class=\"wp-image-22349\" srcset=\"https:\/\/ritme.com\/wp-content\/uploads\/2022\/03\/1648122902051-1-819x1024.jpeg 819w, https:\/\/ritme.com\/wp-content\/uploads\/2022\/03\/1648122902051-1-400x500.jpeg 400w, https:\/\/ritme.com\/wp-content\/uploads\/2022\/03\/1648122902051-1-768x960.jpeg 768w, https:\/\/ritme.com\/wp-content\/uploads\/2022\/03\/1648122902051-1-1229x1536.jpeg 1229w, https:\/\/ritme.com\/wp-content\/uploads\/2022\/03\/1648122902051-1.jpeg 1280w\" sizes=\"auto, (max-width: 819px) 100vw, 819px\" \/><\/figure>\n\n\n\n<figure class=\"wp-block-image size-large\"><img loading=\"lazy\" decoding=\"async\" width=\"922\" height=\"1024\" src=\"https:\/\/ritme.com\/wp-content\/uploads\/2022\/03\/1648122908933-922x1024.png\" alt=\"\" class=\"wp-image-22361\" srcset=\"https:\/\/ritme.com\/wp-content\/uploads\/2022\/03\/1648122908933-922x1024.png 922w, https:\/\/ritme.com\/wp-content\/uploads\/2022\/03\/1648122908933-450x500.png 450w, https:\/\/ritme.com\/wp-content\/uploads\/2022\/03\/1648122908933-768x853.png 768w, https:\/\/ritme.com\/wp-content\/uploads\/2022\/03\/1648122908933.png 1280w\" sizes=\"auto, (max-width: 922px) 100vw, 922px\" \/><\/figure>\n<\/div><\/div>\n<\/div><\/section>\n\n\n\n<div class=\"wp-block-getwid-advanced-spacer\" style=\"height:30px\" aria-hidden=\"true\"><\/div>\n\n\n\n<p>Questa settimana, Thomas ha attraversato la Mauritania, prima di arrivare in Senegal. Questo viaggio gli ha permesso di mettere alla prova il suo spirito avventuroso campeggiando nel cuore della struttura Richat, chiamata anche l&#8217;occhio dell&#8217;Africa, che \u00e8 un cratere di 50 km di diametro, totalmente deserto ed estremamente selvaggio!<\/p>\n\n\n\n<p>E non dimenticate di sostenerlo facendo una <a href=\"https:\/\/relaisducoeur.mecenat-cardiaque.org\/projects\/rendez-vous-a-dakar-ride-for-heart?page_payment=2\" target=\"_blank\" rel=\"noreferrer noopener\"><mark style=\"background-color:rgba(0, 0, 0, 0)\" class=\"has-inline-color has-ritme-blue-color\">donazione<\/mark><\/a> per &#8220;salvare piccoli cuori malati&#8221;.<\/p>\n\n\n\n<div class=\"wp-block-getwid-advanced-spacer\" style=\"height:30px\" aria-hidden=\"true\"><\/div>\n\n\n\n<section class=\"wp-block-uagb-columns uagb-columns__wrap uagb-columns__background-undefined uagb-columns__stack-mobile uagb-columns__valign-undefined uagb-columns__gap-10 alignundefined uagb-block-9b307224\"><div class=\"uagb-columns__overlay\"><\/div><div class=\"uagb-columns__inner-wrap uagb-columns__columns-2\">\n<div class=\"wp-block-uagb-column uagb-column__wrap uagb-column__background-undefined uagb-block-2610e7d4\"><div class=\"uagb-column__overlay\"><\/div><div class=\"uagb-column__inner-wrap\">\n<figure class=\"wp-block-image size-large\"><img loading=\"lazy\" decoding=\"async\" width=\"1024\" height=\"579\" src=\"https:\/\/ritme.com\/wp-content\/uploads\/2022\/03\/1648122902180-1024x579.png\" alt=\"\" class=\"wp-image-22329\" srcset=\"https:\/\/ritme.com\/wp-content\/uploads\/2022\/03\/1648122902180-1024x579.png 1024w, https:\/\/ritme.com\/wp-content\/uploads\/2022\/03\/1648122902180-500x283.png 500w, https:\/\/ritme.com\/wp-content\/uploads\/2022\/03\/1648122902180-768x434.png 768w, https:\/\/ritme.com\/wp-content\/uploads\/2022\/03\/1648122902180.png 1157w\" sizes=\"auto, (max-width: 1024px) 100vw, 1024px\" \/><\/figure>\n<\/div><\/div>\n\n\n\n<div class=\"wp-block-uagb-column uagb-column__wrap uagb-column__background-undefined uagb-block-ccdbb724\"><div class=\"uagb-column__overlay\"><\/div><div class=\"uagb-column__inner-wrap\">\n<figure class=\"wp-block-image size-large\"><img loading=\"lazy\" decoding=\"async\" width=\"1024\" height=\"579\" src=\"https:\/\/ritme.com\/wp-content\/uploads\/2022\/03\/1648122902754-1024x579.png\" alt=\"\" class=\"wp-image-22333\" srcset=\"https:\/\/ritme.com\/wp-content\/uploads\/2022\/03\/1648122902754-1024x579.png 1024w, https:\/\/ritme.com\/wp-content\/uploads\/2022\/03\/1648122902754-500x283.png 500w, https:\/\/ritme.com\/wp-content\/uploads\/2022\/03\/1648122902754-768x434.png 768w, https:\/\/ritme.com\/wp-content\/uploads\/2022\/03\/1648122902754.png 1157w\" sizes=\"auto, (max-width: 1024px) 100vw, 1024px\" \/><\/figure>\n<\/div><\/div>\n<\/div><\/section>\n\n\n\n<div class=\"wp-block-getwid-advanced-spacer\" style=\"height:30px\" aria-hidden=\"true\"><\/div>\n\n\n\n<hr class=\"wp-block-separator\"\/>\n\n\n\n<p><strong><mark style=\"background-color:rgba(0, 0, 0, 0)\" class=\"has-inline-color has-ritme-blue-color\">10 mazo 2022<\/mark>&nbsp;<\/strong>|&nbsp;<em>Arrivo a Tiznit, Marocco<\/em><\/p>\n\n\n\n<section class=\"wp-block-uagb-columns uagb-columns__wrap uagb-columns__background-undefined uagb-columns__stack-mobile uagb-columns__valign-undefined uagb-columns__gap-10 alignundefined uagb-block-3f292d14\"><div class=\"uagb-columns__overlay\"><\/div><div class=\"uagb-columns__inner-wrap uagb-columns__columns-3\">\n<div class=\"wp-block-uagb-column uagb-column__wrap uagb-column__background-undefined uagb-block-e21406e5\"><div class=\"uagb-column__overlay\"><\/div><div class=\"uagb-column__inner-wrap\">\n<figure class=\"wp-block-image size-large\"><img loading=\"lazy\" decoding=\"async\" width=\"768\" height=\"1024\" src=\"https:\/\/ritme.com\/wp-content\/uploads\/2022\/02\/1646910394598-768x1024.png\" alt=\"\" class=\"wp-image-22293\" srcset=\"https:\/\/ritme.com\/wp-content\/uploads\/2022\/02\/1646910394598-768x1024.png 768w, https:\/\/ritme.com\/wp-content\/uploads\/2022\/02\/1646910394598-375x500.png 375w, https:\/\/ritme.com\/wp-content\/uploads\/2022\/02\/1646910394598.png 1152w\" sizes=\"auto, (max-width: 768px) 100vw, 768px\" \/><\/figure>\n<\/div><\/div>\n\n\n\n<div class=\"wp-block-uagb-column uagb-column__wrap uagb-column__background-undefined uagb-block-5296d999\"><div class=\"uagb-column__overlay\"><\/div><div class=\"uagb-column__inner-wrap\">\n<figure class=\"wp-block-image size-large\"><img loading=\"lazy\" decoding=\"async\" width=\"768\" height=\"1024\" src=\"https:\/\/ritme.com\/wp-content\/uploads\/2022\/03\/1646910400842-768x1024.jpeg\" alt=\"\" class=\"wp-image-22265\" srcset=\"https:\/\/ritme.com\/wp-content\/uploads\/2022\/03\/1646910400842-768x1024.jpeg 768w, https:\/\/ritme.com\/wp-content\/uploads\/2022\/03\/1646910400842-375x500.jpeg 375w, https:\/\/ritme.com\/wp-content\/uploads\/2022\/03\/1646910400842-1152x1536.jpeg 1152w, https:\/\/ritme.com\/wp-content\/uploads\/2022\/03\/1646910400842.jpeg 1280w\" sizes=\"auto, (max-width: 768px) 100vw, 768px\" \/><\/figure>\n<\/div><\/div>\n\n\n\n<div class=\"wp-block-uagb-column uagb-column__wrap uagb-column__background-undefined uagb-block-1aa5d988\"><div class=\"uagb-column__overlay\"><\/div><div class=\"uagb-column__inner-wrap\">\n<figure class=\"wp-block-image size-large\"><img loading=\"lazy\" decoding=\"async\" width=\"768\" height=\"1024\" src=\"https:\/\/ritme.com\/wp-content\/uploads\/2022\/03\/1646910400869-768x1024.jpeg\" alt=\"\" class=\"wp-image-22269\" srcset=\"https:\/\/ritme.com\/wp-content\/uploads\/2022\/03\/1646910400869-768x1024.jpeg 768w, https:\/\/ritme.com\/wp-content\/uploads\/2022\/03\/1646910400869-375x500.jpeg 375w, https:\/\/ritme.com\/wp-content\/uploads\/2022\/03\/1646910400869-1152x1536.jpeg 1152w, https:\/\/ritme.com\/wp-content\/uploads\/2022\/03\/1646910400869.jpeg 1280w\" sizes=\"auto, (max-width: 768px) 100vw, 768px\" \/><\/figure>\n<\/div><\/div>\n<\/div><\/section>\n\n\n\n<div class=\"wp-block-getwid-advanced-spacer\" style=\"height:30px\" aria-hidden=\"true\"><\/div>\n\n\n\n<p>Dopo aver attraversato le montagne dell&#8217;Atlante, i suoi altipiani coperti di neve e le prime dune di sabbia marocchine, Thomas \u00e8 arrivato a Tiznit. Ora si sta dirigendo verso la costa atlantica per iniziare la discesa verso il Sahara occidentale e poi la Mauritania.<\/p>\n\n\n\n<div class=\"wp-block-getwid-advanced-spacer\" style=\"height:30px\" aria-hidden=\"true\"><\/div>\n\n\n\n<section class=\"wp-block-uagb-columns uagb-columns__wrap uagb-columns__background-undefined uagb-columns__stack-mobile uagb-columns__valign-undefined uagb-columns__gap-10 alignundefined uagb-block-568313e7\"><div class=\"uagb-columns__overlay\"><\/div><div class=\"uagb-columns__inner-wrap uagb-columns__columns-4\">\n<div class=\"wp-block-uagb-column uagb-column__wrap uagb-column__background-undefined uagb-block-63152fb1\"><div class=\"uagb-column__overlay\"><\/div><div class=\"uagb-column__inner-wrap\">\n<figure class=\"wp-block-image size-large\"><img loading=\"lazy\" decoding=\"async\" width=\"768\" height=\"1024\" src=\"https:\/\/ritme.com\/wp-content\/uploads\/2022\/03\/1646910401539-768x1024.jpeg\" alt=\"\" class=\"wp-image-22273\" srcset=\"https:\/\/ritme.com\/wp-content\/uploads\/2022\/03\/1646910401539-768x1024.jpeg 768w, https:\/\/ritme.com\/wp-content\/uploads\/2022\/03\/1646910401539-375x500.jpeg 375w, https:\/\/ritme.com\/wp-content\/uploads\/2022\/03\/1646910401539-1152x1536.jpeg 1152w, https:\/\/ritme.com\/wp-content\/uploads\/2022\/03\/1646910401539.jpeg 1280w\" sizes=\"auto, (max-width: 768px) 100vw, 768px\" \/><\/figure>\n<\/div><\/div>\n\n\n\n<div class=\"wp-block-uagb-column uagb-column__wrap uagb-column__background-undefined uagb-block-c415dd32\"><div class=\"uagb-column__overlay\"><\/div><div class=\"uagb-column__inner-wrap\">\n<figure class=\"wp-block-image size-large\"><img loading=\"lazy\" decoding=\"async\" width=\"768\" height=\"1024\" src=\"https:\/\/ritme.com\/wp-content\/uploads\/2022\/03\/1646910402066-768x1024.jpeg\" alt=\"\" class=\"wp-image-22277\" srcset=\"https:\/\/ritme.com\/wp-content\/uploads\/2022\/03\/1646910402066-768x1024.jpeg 768w, https:\/\/ritme.com\/wp-content\/uploads\/2022\/03\/1646910402066-375x500.jpeg 375w, https:\/\/ritme.com\/wp-content\/uploads\/2022\/03\/1646910402066-1152x1536.jpeg 1152w, https:\/\/ritme.com\/wp-content\/uploads\/2022\/03\/1646910402066.jpeg 1280w\" sizes=\"auto, (max-width: 768px) 100vw, 768px\" \/><\/figure>\n<\/div><\/div>\n\n\n\n<div class=\"wp-block-uagb-column uagb-column__wrap uagb-column__background-undefined uagb-block-5869ce89\"><div class=\"uagb-column__overlay\"><\/div><div class=\"uagb-column__inner-wrap\">\n<figure class=\"wp-block-image size-large\"><img loading=\"lazy\" decoding=\"async\" width=\"768\" height=\"1024\" src=\"https:\/\/ritme.com\/wp-content\/uploads\/2022\/03\/1646910403810-768x1024.jpeg\" alt=\"\" class=\"wp-image-22289\" srcset=\"https:\/\/ritme.com\/wp-content\/uploads\/2022\/03\/1646910403810-768x1024.jpeg 768w, https:\/\/ritme.com\/wp-content\/uploads\/2022\/03\/1646910403810-375x500.jpeg 375w, https:\/\/ritme.com\/wp-content\/uploads\/2022\/03\/1646910403810-1152x1536.jpeg 1152w, https:\/\/ritme.com\/wp-content\/uploads\/2022\/03\/1646910403810.jpeg 1280w\" sizes=\"auto, (max-width: 768px) 100vw, 768px\" \/><\/figure>\n<\/div><\/div>\n\n\n\n<div class=\"wp-block-uagb-column uagb-column__wrap uagb-column__background-undefined uagb-block-90bedfb7\"><div class=\"uagb-column__overlay\"><\/div><div class=\"uagb-column__inner-wrap\">\n<figure class=\"wp-block-image size-large\"><img loading=\"lazy\" decoding=\"async\" width=\"768\" height=\"1024\" src=\"https:\/\/ritme.com\/wp-content\/uploads\/2022\/03\/1646910401876-768x1024.jpeg\" alt=\"\" class=\"wp-image-22285\" srcset=\"https:\/\/ritme.com\/wp-content\/uploads\/2022\/03\/1646910401876-768x1024.jpeg 768w, https:\/\/ritme.com\/wp-content\/uploads\/2022\/03\/1646910401876-375x500.jpeg 375w, https:\/\/ritme.com\/wp-content\/uploads\/2022\/03\/1646910401876-1152x1536.jpeg 1152w, https:\/\/ritme.com\/wp-content\/uploads\/2022\/03\/1646910401876.jpeg 1280w\" sizes=\"auto, (max-width: 768px) 100vw, 768px\" \/><\/figure>\n<\/div><\/div>\n<\/div><\/section>\n\n\n\n<div class=\"wp-block-getwid-advanced-spacer\" style=\"height:30px\" aria-hidden=\"true\"><\/div>\n\n\n\n<hr class=\"wp-block-separator\"\/>\n\n\n\n<div class=\"wp-block-getwid-advanced-spacer\" style=\"height:30px\" aria-hidden=\"true\"><\/div>\n\n\n\n<p><strong><mark style=\"background-color:rgba(0, 0, 0, 0)\" class=\"has-inline-color has-ritme-blue-color\">2 marzo 2022<\/mark>&nbsp;<\/strong>|&nbsp;<em>Arrivo nel continente africano<\/em>\u200b<\/p>\n\n\n\n<p>Ci siamo, l&#8217;avventura comincia! Dopo alcuni problemi amministrativi, Thomas ha potuto finalmente ritirare la sua moto al porto di Tangeri ieri.<\/p>\n\n\n\n<p>La sua spedizione inizier\u00e0 oggi in <strong>Marocco<\/strong>, scendendo fino alla frontiera algerina, prima di attraversare le montagne dell&#8217;Atlante.<\/p>\n\n\n\n<p>Non vediamo l&#8217;ora di avere sue notizie!<\/p>\n\n\n\n<p>E non dimenticate di sostenerlo facendo una <a href=\"https:\/\/relaisducoeur.mecenat-cardiaque.org\/projects\/rendez-vous-a-dakar-ride-for-heart?page_payment=2\" target=\"_blank\" rel=\"noreferrer noopener\"><mark style=\"background-color:rgba(0, 0, 0, 0)\" class=\"has-inline-color has-ritme-blue-color\">donazione<\/mark><\/a> per &#8220;salvare piccoli cuori malati&#8221;.<\/p>\n\n\n\n<div class=\"wp-block-getwid-advanced-spacer\" style=\"height:30px\" aria-hidden=\"true\"><\/div>\n\n\n\n<div class=\"wp-block-image is-style-rounded\"><figure class=\"aligncenter size-large\"><img loading=\"lazy\" decoding=\"async\" width=\"819\" height=\"1024\" src=\"https:\/\/ritme.com\/wp-content\/uploads\/2022\/03\/1.03.2022_Maroc-819x1024.jpeg\" alt=\"\" class=\"wp-image-21994\" srcset=\"https:\/\/ritme.com\/wp-content\/uploads\/2022\/03\/1.03.2022_Maroc-819x1024.jpeg 819w, https:\/\/ritme.com\/wp-content\/uploads\/2022\/03\/1.03.2022_Maroc-400x500.jpeg 400w, https:\/\/ritme.com\/wp-content\/uploads\/2022\/03\/1.03.2022_Maroc-768x960.jpeg 768w, https:\/\/ritme.com\/wp-content\/uploads\/2022\/03\/1.03.2022_Maroc-1229x1536.jpeg 1229w, https:\/\/ritme.com\/wp-content\/uploads\/2022\/03\/1.03.2022_Maroc.jpeg 1440w\" sizes=\"auto, (max-width: 819px) 100vw, 819px\" \/><\/figure><\/div>\n\n\n\n<div class=\"wp-block-getwid-advanced-spacer\" style=\"height:30px\" aria-hidden=\"true\"><\/div>\n\n\n\n<hr class=\"wp-block-separator\"\/>\n\n\n\n<div class=\"wp-block-getwid-advanced-spacer\" style=\"height:30px\" aria-hidden=\"true\"><\/div>\n\n\n\n<p><strong><mark style=\"background-color:rgba(0, 0, 0, 0)\" class=\"has-inline-color has-ritme-blue-color\">21 febbraio 2022 <\/mark><\/strong>|&nbsp;<em>Cocktail di partenza<\/em>\u200b<\/p>\n\n\n\n<p>Luned\u00ec 21 febbraio, il team RITME \u00e8 andato alla concessionaria <strong>Yamaha Patrick PONS Grande Arm\u00e9e<\/strong> per sostenere Thomas qualche giorno prima della sua partenza. Durante questo cocktail, abbiamo potuto scoprire il suo magnifico T\u00e9n\u00e9r\u00e9 700 che sar\u00e0 utilizzato durante tutto il suo raid per raggiungere Dakar.&nbsp;<\/p>\n\n\n\n<div class=\"wp-block-getwid-advanced-spacer\" style=\"height:30px\" aria-hidden=\"true\"><\/div>\n\n\n\n<div class=\"wp-block-image is-style-rounded\"><figure class=\"aligncenter size-full is-resized\"><img loading=\"lazy\" decoding=\"async\" src=\"https:\/\/ritme.com\/wp-content\/uploads\/2022\/02\/20220221_180513_760.png\" alt=\"\" class=\"wp-image-21915\" width=\"760\" height=\"360\" srcset=\"https:\/\/ritme.com\/wp-content\/uploads\/2022\/02\/20220221_180513_760.png 760w, https:\/\/ritme.com\/wp-content\/uploads\/2022\/02\/20220221_180513_760-500x237.png 500w\" sizes=\"auto, (max-width: 760px) 100vw, 760px\" \/><figcaption><em>Anne-Claire, Beno\u00eet e Lucille alla concessionaria Yamaha Grande Arm\u00e9e per incoraggiare Thomas&nbsp;<\/em><\/figcaption><\/figure><\/div>\n\n\n\n<div class=\"wp-block-getwid-advanced-spacer\" style=\"height:30px\" aria-hidden=\"true\"><\/div>\n\n\n\n<div class=\"wp-block-image is-style-rounded\"><figure class=\"aligncenter size-full\"><img loading=\"lazy\" decoding=\"async\" width=\"760\" height=\"360\" src=\"https:\/\/ritme.com\/wp-content\/uploads\/2022\/02\/20220221_185717_760.png\" alt=\"\" class=\"wp-image-21931\" srcset=\"https:\/\/ritme.com\/wp-content\/uploads\/2022\/02\/20220221_185717_760.png 760w, https:\/\/ritme.com\/wp-content\/uploads\/2022\/02\/20220221_185717_760-500x237.png 500w\" sizes=\"auto, (max-width: 760px) 100vw, 760px\" \/><figcaption><em>Thomas presenta il suo T\u00e9n\u00e9r\u00e9 700 a Orso CHETOCHINE, direttore dell&#8217;associazione M\u00e9c\u00e9nat Chirurgie Cardiaque&nbsp;<\/em><\/figcaption><\/figure><\/div>\n\n\n\n<div class=\"wp-block-getwid-advanced-spacer\" style=\"height:30px\" aria-hidden=\"true\"><\/div>\n\n\n\n<div class=\"wp-block-image is-style-rounded\"><figure class=\"aligncenter size-full is-resized\"><img loading=\"lazy\" decoding=\"async\" src=\"https:\/\/ritme.com\/wp-content\/uploads\/2022\/02\/20220221_185539_760.png\" alt=\"\" class=\"wp-image-21935\" width=\"760\" height=\"360\" srcset=\"https:\/\/ritme.com\/wp-content\/uploads\/2022\/02\/20220221_185539_760.png 760w, https:\/\/ritme.com\/wp-content\/uploads\/2022\/02\/20220221_185539_760-500x237.png 500w\" sizes=\"auto, (max-width: 760px) 100vw, 760px\" \/><figcaption><em>Il team RITME \u00e8 orgoglioso di sostenere questo progetto di beneficenza&nbsp;<\/em><\/figcaption><\/figure><\/div>\n\n\n\n<div class=\"wp-block-getwid-advanced-spacer\" style=\"height:30px\" aria-hidden=\"true\"><\/div>\n\n\n\n<div class=\"wp-block-image is-style-rounded\"><figure class=\"aligncenter size-full\"><img loading=\"lazy\" decoding=\"async\" width=\"760\" height=\"360\" src=\"https:\/\/ritme.com\/wp-content\/uploads\/2022\/02\/20220221_190401_760.png\" alt=\"\" class=\"wp-image-21939\" srcset=\"https:\/\/ritme.com\/wp-content\/uploads\/2022\/02\/20220221_190401_760.png 760w, https:\/\/ritme.com\/wp-content\/uploads\/2022\/02\/20220221_190401_760-500x237.png 500w\" sizes=\"auto, (max-width: 760px) 100vw, 760px\" \/><figcaption><em>Tutta la squadra augura a Thomas una grande spedizione!&nbsp;<\/em><\/figcaption><\/figure><\/div>\n\n\n\n<div class=\"wp-block-getwid-advanced-spacer\" style=\"height:30px\" aria-hidden=\"true\"><\/div>\n\n\n\n<p>Come promemoria, l&#8217;obiettivo di questo raid umanitario \u00e8 quello di raccogliere donazioni per M\u00e9c\u00e9nat Chirurgie Cardiaque per operare i bambini con malformazioni cardiache.&nbsp;<\/p>\n\n\n\n<p>Per sostenere questo progetto, \u00e8 possibile partecipare al <a href=\"https:\/\/relaisducoeur.mecenat-cardiaque.org\/projects\/rendez-vous-a-dakar-ride-for-heart?page_payment=2\"><mark style=\"background-color:rgba(0, 0, 0, 0)\" class=\"has-inline-color has-ritme-blue-color\">kitty online<\/mark><\/a>.<\/p>\n\n\n\n<div class=\"wp-block-getwid-advanced-spacer\" style=\"height:30px\" aria-hidden=\"true\"><\/div>\n\n\n\n<hr class=\"wp-block-separator\"\/>\n\n\n\n<p><strong><mark style=\"background-color:rgba(0, 0, 0, 0)\" class=\"has-inline-color has-ritme-blue-color\">10 febbraio 2022<\/mark>&nbsp;<\/strong>|&nbsp;<em><em>D- 14 prima della partenza<\/em><\/em>\u200b<\/p>\n\n\n\n<p>Mentre Thomas sta lavorando agli ultimi preparativi prima della sua partenza, ha appena pubblicato un video per presentare il suo progetto.<\/p>\n\n\n\n<div class=\"wp-block-getwid-advanced-spacer\" style=\"height:30px\" aria-hidden=\"true\"><\/div>\n\n\n\n<div class=\"wp-block-getwid-video-popup has-image\"><a class=\"wp-block-getwid-video-popup__link\" href=\"https:\/\/youtu.be\/xo4SD8myGgc\"><div class=\"wp-block-getwid-video-popup__wrapper\"><img loading=\"lazy\" decoding=\"async\" width=\"1280\" height=\"780\" src=\"https:\/\/ritme.com\/wp-content\/uploads\/2022\/02\/Miniature_youtube.png\" alt=\"\" class=\"wp-block-getwid-video-popup__image wp-block-getwid-video-popup__source wp-image-21793\" srcset=\"https:\/\/ritme.com\/wp-content\/uploads\/2022\/02\/Miniature_youtube.png 1280w, https:\/\/ritme.com\/wp-content\/uploads\/2022\/02\/Miniature_youtube-500x305.png 500w, https:\/\/ritme.com\/wp-content\/uploads\/2022\/02\/Miniature_youtube-1024x624.png 1024w, https:\/\/ritme.com\/wp-content\/uploads\/2022\/02\/Miniature_youtube-768x468.png 768w\" sizes=\"auto, (max-width: 1280px) 100vw, 1280px\" \/><div class=\"wp-block-getwid-video-popup__button is-style-default\"><div class=\"wp-block-getwid-video-popup__icon\"><i class=\"fas fa-play\"><\/i><\/div><\/div><\/div><\/a><div class=\"wp-block-getwid-video-popup__caption\"><\/div><\/div>\n","protected":false},"excerpt":{"rendered":"<p>Il team RITME \u00e8 orgoglioso di sostenere la spedizione umanitaria&nbsp;RENDEZ-VOUS \u00c0&nbsp;DAKAR. Durante questa spedizione, l&#8217;avventuriero&nbsp;Thomas G\u00c9RARD&nbsp;affronter\u00e0 la sfida di andare in moto da Parigi a Dakar, in totale autonomia e senza assistenza. Pi\u00f9 di 7.000 km lo attendono attraverso Francia, Spagna, Marocco, Sahara occidentale, Mauritania e Senegal. \u200bL&#8217;obiettivo della spedizione \u00e8 di raccogliere 48.000 euro [&hellip;]<\/p>\n","protected":false},"author":2,"featured_media":21661,"comment_status":"closed","ping_status":"closed","sticky":false,"template":"","format":"standard","meta":{"_acf_changed":false,"inline_featured_image":false,"_uag_custom_page_level_css":"","footnotes":""},"categories":[63],"tags":[],"class_list":["post-21952","post","type-post","status-publish","format-standard","has-post-thumbnail","hentry","category-notizie-it"],"acf":[],"yoast_head":"<!-- This site is optimized with the Yoast SEO plugin v27.4 - https:\/\/yoast.com\/product\/yoast-seo-wordpress\/ -->\n<title>RITME si impegna a salvare &quot;piccoli cuori malati&quot; - RITME<\/title>\n<meta name=\"description\" content=\"L&#039;avventuriero Thomas G\u00c9RARD si \u00e8 posto la sfida di andare in moto da Parigi a Dakar, in totale autonomia e senza assistenza.\" \/>\n<meta name=\"robots\" content=\"index, follow, max-snippet:-1, max-image-preview:large, max-video-preview:-1\" \/>\n<link rel=\"canonical\" href=\"https:\/\/ritme.com\/it\/rendez-vous-a-dakar\/\" \/>\n<meta property=\"og:locale\" content=\"it_IT\" \/>\n<meta property=\"og:type\" content=\"article\" \/>\n<meta property=\"og:title\" content=\"RITME si impegna a salvare &quot;piccoli cuori malati&quot; - RITME\" \/>\n<meta property=\"og:description\" content=\"L&#039;avventuriero Thomas G\u00c9RARD si \u00e8 posto la sfida di andare in moto da Parigi a Dakar, in totale autonomia e senza assistenza.\" \/>\n<meta property=\"og:url\" content=\"https:\/\/ritme.com\/it\/rendez-vous-a-dakar\/\" \/>\n<meta property=\"og:site_name\" content=\"RITME\" \/>\n<meta property=\"article:published_time\" content=\"2022-02-08T13:39:06+00:00\" \/>\n<meta property=\"article:modified_time\" content=\"2022-03-31T11:28:07+00:00\" \/>\n<meta property=\"og:image\" content=\"https:\/\/ritme.com\/wp-content\/uploads\/2022\/02\/Paris_Dakar_1080-1024x1024.png\" \/>\n\t<meta property=\"og:image:width\" content=\"1024\" \/>\n\t<meta property=\"og:image:height\" content=\"1024\" \/>\n\t<meta property=\"og:image:type\" content=\"image\/png\" \/>\n<meta name=\"author\" content=\"Lila AIT ISSAD\" \/>\n<meta name=\"twitter:card\" content=\"summary_large_image\" \/>\n<meta name=\"twitter:label1\" content=\"Scritto da\" \/>\n\t<meta name=\"twitter:data1\" content=\"Lila AIT ISSAD\" \/>\n\t<meta name=\"twitter:label2\" content=\"Tempo di lettura stimato\" \/>\n\t<meta name=\"twitter:data2\" content=\"9 minuti\" \/>\n<script type=\"application\/ld+json\" class=\"yoast-schema-graph\">{\"@context\":\"https:\\\/\\\/schema.org\",\"@graph\":[{\"@type\":\"Article\",\"@id\":\"https:\\\/\\\/ritme.com\\\/it\\\/rendez-vous-a-dakar\\\/#article\",\"isPartOf\":{\"@id\":\"https:\\\/\\\/ritme.com\\\/it\\\/rendez-vous-a-dakar\\\/\"},\"author\":{\"name\":\"Lila AIT ISSAD\",\"@id\":\"https:\\\/\\\/ritme.com\\\/it\\\/#\\\/schema\\\/person\\\/4b4d839f65da129f0733de700e6d1d4a\"},\"headline\":\"RITME si impegna a salvare &#8220;piccoli cuori malati&#8221;\",\"datePublished\":\"2022-02-08T13:39:06+00:00\",\"dateModified\":\"2022-03-31T11:28:07+00:00\",\"mainEntityOfPage\":{\"@id\":\"https:\\\/\\\/ritme.com\\\/it\\\/rendez-vous-a-dakar\\\/\"},\"wordCount\":649,\"publisher\":{\"@id\":\"https:\\\/\\\/ritme.com\\\/it\\\/#organization\"},\"image\":{\"@id\":\"https:\\\/\\\/ritme.com\\\/it\\\/rendez-vous-a-dakar\\\/#primaryimage\"},\"thumbnailUrl\":\"https:\\\/\\\/ritme.com\\\/wp-content\\\/uploads\\\/2022\\\/02\\\/Paris_Dakar_1080.png\",\"articleSection\":[\"Notizie\"],\"inLanguage\":\"it-IT\"},{\"@type\":\"WebPage\",\"@id\":\"https:\\\/\\\/ritme.com\\\/it\\\/rendez-vous-a-dakar\\\/\",\"url\":\"https:\\\/\\\/ritme.com\\\/it\\\/rendez-vous-a-dakar\\\/\",\"name\":\"RITME si impegna a salvare \\\"piccoli cuori malati\\\" - RITME\",\"isPartOf\":{\"@id\":\"https:\\\/\\\/ritme.com\\\/it\\\/#website\"},\"primaryImageOfPage\":{\"@id\":\"https:\\\/\\\/ritme.com\\\/it\\\/rendez-vous-a-dakar\\\/#primaryimage\"},\"image\":{\"@id\":\"https:\\\/\\\/ritme.com\\\/it\\\/rendez-vous-a-dakar\\\/#primaryimage\"},\"thumbnailUrl\":\"https:\\\/\\\/ritme.com\\\/wp-content\\\/uploads\\\/2022\\\/02\\\/Paris_Dakar_1080.png\",\"datePublished\":\"2022-02-08T13:39:06+00:00\",\"dateModified\":\"2022-03-31T11:28:07+00:00\",\"description\":\"L'avventuriero Thomas G\u00c9RARD si \u00e8 posto la sfida di andare in moto da Parigi a Dakar, in totale autonomia e senza assistenza.\",\"breadcrumb\":{\"@id\":\"https:\\\/\\\/ritme.com\\\/it\\\/rendez-vous-a-dakar\\\/#breadcrumb\"},\"inLanguage\":\"it-IT\",\"potentialAction\":[{\"@type\":\"ReadAction\",\"target\":[\"https:\\\/\\\/ritme.com\\\/it\\\/rendez-vous-a-dakar\\\/\"]}]},{\"@type\":\"ImageObject\",\"inLanguage\":\"it-IT\",\"@id\":\"https:\\\/\\\/ritme.com\\\/it\\\/rendez-vous-a-dakar\\\/#primaryimage\",\"url\":\"https:\\\/\\\/ritme.com\\\/wp-content\\\/uploads\\\/2022\\\/02\\\/Paris_Dakar_1080.png\",\"contentUrl\":\"https:\\\/\\\/ritme.com\\\/wp-content\\\/uploads\\\/2022\\\/02\\\/Paris_Dakar_1080.png\",\"width\":1080,\"height\":1080},{\"@type\":\"BreadcrumbList\",\"@id\":\"https:\\\/\\\/ritme.com\\\/it\\\/rendez-vous-a-dakar\\\/#breadcrumb\",\"itemListElement\":[{\"@type\":\"ListItem\",\"position\":1,\"name\":\"Home\",\"item\":\"https:\\\/\\\/ritme.com\\\/it\\\/\"},{\"@type\":\"ListItem\",\"position\":2,\"name\":\"Notizie\",\"item\":\"https:\\\/\\\/ritme.com\\\/it\\\/categoria\\\/notizie-it\\\/\"},{\"@type\":\"ListItem\",\"position\":3,\"name\":\"RITME si impegna a salvare \u00ab\u00a0piccoli cuori malati\u00a0\u00bb\"}]},{\"@type\":\"WebSite\",\"@id\":\"https:\\\/\\\/ritme.com\\\/it\\\/#website\",\"url\":\"https:\\\/\\\/ritme.com\\\/it\\\/\",\"name\":\"RITME\",\"description\":\"Il partner strategico dei team di ricerca\",\"publisher\":{\"@id\":\"https:\\\/\\\/ritme.com\\\/it\\\/#organization\"},\"potentialAction\":[{\"@type\":\"SearchAction\",\"target\":{\"@type\":\"EntryPoint\",\"urlTemplate\":\"https:\\\/\\\/ritme.com\\\/it\\\/?s={search_term_string}\"},\"query-input\":{\"@type\":\"PropertyValueSpecification\",\"valueRequired\":true,\"valueName\":\"search_term_string\"}}],\"inLanguage\":\"it-IT\"},{\"@type\":\"Organization\",\"@id\":\"https:\\\/\\\/ritme.com\\\/it\\\/#organization\",\"name\":\"RITME\",\"url\":\"https:\\\/\\\/ritme.com\\\/it\\\/\",\"logo\":{\"@type\":\"ImageObject\",\"inLanguage\":\"it-IT\",\"@id\":\"https:\\\/\\\/ritme.com\\\/it\\\/#\\\/schema\\\/logo\\\/image\\\/\",\"url\":\"https:\\\/\\\/ritme.com\\\/wp-content\\\/uploads\\\/2021\\\/06\\\/Ritme_200x86.svg\",\"contentUrl\":\"https:\\\/\\\/ritme.com\\\/wp-content\\\/uploads\\\/2021\\\/06\\\/Ritme_200x86.svg\",\"caption\":\"RITME\"},\"image\":{\"@id\":\"https:\\\/\\\/ritme.com\\\/it\\\/#\\\/schema\\\/logo\\\/image\\\/\"}},{\"@type\":\"Person\",\"@id\":\"https:\\\/\\\/ritme.com\\\/it\\\/#\\\/schema\\\/person\\\/4b4d839f65da129f0733de700e6d1d4a\",\"name\":\"Lila AIT ISSAD\",\"image\":{\"@type\":\"ImageObject\",\"inLanguage\":\"it-IT\",\"@id\":\"https:\\\/\\\/secure.gravatar.com\\\/avatar\\\/ef1972575d5024ebd7b32c9132b66ded496a30892c034f7e6bab39c3626a67d6?s=96&d=mm&r=g\",\"url\":\"https:\\\/\\\/secure.gravatar.com\\\/avatar\\\/ef1972575d5024ebd7b32c9132b66ded496a30892c034f7e6bab39c3626a67d6?s=96&d=mm&r=g\",\"contentUrl\":\"https:\\\/\\\/secure.gravatar.com\\\/avatar\\\/ef1972575d5024ebd7b32c9132b66ded496a30892c034f7e6bab39c3626a67d6?s=96&d=mm&r=g\",\"caption\":\"Lila AIT ISSAD\"},\"url\":\"https:\\\/\\\/ritme.com\\\/it\\\/author\\\/adminritme\\\/\"}]}<\/script>\n<!-- \/ Yoast SEO plugin. -->","yoast_head_json":{"title":"RITME si impegna a salvare \"piccoli cuori malati\" - RITME","description":"L'avventuriero Thomas G\u00c9RARD si \u00e8 posto la sfida di andare in moto da Parigi a Dakar, in totale autonomia e senza assistenza.","robots":{"index":"index","follow":"follow","max-snippet":"max-snippet:-1","max-image-preview":"max-image-preview:large","max-video-preview":"max-video-preview:-1"},"canonical":"https:\/\/ritme.com\/it\/rendez-vous-a-dakar\/","og_locale":"it_IT","og_type":"article","og_title":"RITME si impegna a salvare \"piccoli cuori malati\" - RITME","og_description":"L'avventuriero Thomas G\u00c9RARD si \u00e8 posto la sfida di andare in moto da Parigi a Dakar, in totale autonomia e senza assistenza.","og_url":"https:\/\/ritme.com\/it\/rendez-vous-a-dakar\/","og_site_name":"RITME","article_published_time":"2022-02-08T13:39:06+00:00","article_modified_time":"2022-03-31T11:28:07+00:00","og_image":[{"width":1024,"height":1024,"url":"https:\/\/ritme.com\/wp-content\/uploads\/2022\/02\/Paris_Dakar_1080-1024x1024.png","type":"image\/png"}],"author":"Lila AIT ISSAD","twitter_card":"summary_large_image","twitter_misc":{"Scritto da":"Lila AIT ISSAD","Tempo di lettura stimato":"9 minuti"},"schema":{"@context":"https:\/\/schema.org","@graph":[{"@type":"Article","@id":"https:\/\/ritme.com\/it\/rendez-vous-a-dakar\/#article","isPartOf":{"@id":"https:\/\/ritme.com\/it\/rendez-vous-a-dakar\/"},"author":{"name":"Lila AIT ISSAD","@id":"https:\/\/ritme.com\/it\/#\/schema\/person\/4b4d839f65da129f0733de700e6d1d4a"},"headline":"RITME si impegna a salvare &#8220;piccoli cuori malati&#8221;","datePublished":"2022-02-08T13:39:06+00:00","dateModified":"2022-03-31T11:28:07+00:00","mainEntityOfPage":{"@id":"https:\/\/ritme.com\/it\/rendez-vous-a-dakar\/"},"wordCount":649,"publisher":{"@id":"https:\/\/ritme.com\/it\/#organization"},"image":{"@id":"https:\/\/ritme.com\/it\/rendez-vous-a-dakar\/#primaryimage"},"thumbnailUrl":"https:\/\/ritme.com\/wp-content\/uploads\/2022\/02\/Paris_Dakar_1080.png","articleSection":["Notizie"],"inLanguage":"it-IT"},{"@type":"WebPage","@id":"https:\/\/ritme.com\/it\/rendez-vous-a-dakar\/","url":"https:\/\/ritme.com\/it\/rendez-vous-a-dakar\/","name":"RITME si impegna a salvare \"piccoli cuori malati\" - RITME","isPartOf":{"@id":"https:\/\/ritme.com\/it\/#website"},"primaryImageOfPage":{"@id":"https:\/\/ritme.com\/it\/rendez-vous-a-dakar\/#primaryimage"},"image":{"@id":"https:\/\/ritme.com\/it\/rendez-vous-a-dakar\/#primaryimage"},"thumbnailUrl":"https:\/\/ritme.com\/wp-content\/uploads\/2022\/02\/Paris_Dakar_1080.png","datePublished":"2022-02-08T13:39:06+00:00","dateModified":"2022-03-31T11:28:07+00:00","description":"L'avventuriero Thomas G\u00c9RARD si \u00e8 posto la sfida di andare in moto da Parigi a Dakar, in totale autonomia e senza assistenza.","breadcrumb":{"@id":"https:\/\/ritme.com\/it\/rendez-vous-a-dakar\/#breadcrumb"},"inLanguage":"it-IT","potentialAction":[{"@type":"ReadAction","target":["https:\/\/ritme.com\/it\/rendez-vous-a-dakar\/"]}]},{"@type":"ImageObject","inLanguage":"it-IT","@id":"https:\/\/ritme.com\/it\/rendez-vous-a-dakar\/#primaryimage","url":"https:\/\/ritme.com\/wp-content\/uploads\/2022\/02\/Paris_Dakar_1080.png","contentUrl":"https:\/\/ritme.com\/wp-content\/uploads\/2022\/02\/Paris_Dakar_1080.png","width":1080,"height":1080},{"@type":"BreadcrumbList","@id":"https:\/\/ritme.com\/it\/rendez-vous-a-dakar\/#breadcrumb","itemListElement":[{"@type":"ListItem","position":1,"name":"Home","item":"https:\/\/ritme.com\/it\/"},{"@type":"ListItem","position":2,"name":"Notizie","item":"https:\/\/ritme.com\/it\/categoria\/notizie-it\/"},{"@type":"ListItem","position":3,"name":"RITME si impegna a salvare \u00ab\u00a0piccoli cuori malati\u00a0\u00bb"}]},{"@type":"WebSite","@id":"https:\/\/ritme.com\/it\/#website","url":"https:\/\/ritme.com\/it\/","name":"RITME","description":"Il partner strategico dei team di ricerca","publisher":{"@id":"https:\/\/ritme.com\/it\/#organization"},"potentialAction":[{"@type":"SearchAction","target":{"@type":"EntryPoint","urlTemplate":"https:\/\/ritme.com\/it\/?s={search_term_string}"},"query-input":{"@type":"PropertyValueSpecification","valueRequired":true,"valueName":"search_term_string"}}],"inLanguage":"it-IT"},{"@type":"Organization","@id":"https:\/\/ritme.com\/it\/#organization","name":"RITME","url":"https:\/\/ritme.com\/it\/","logo":{"@type":"ImageObject","inLanguage":"it-IT","@id":"https:\/\/ritme.com\/it\/#\/schema\/logo\/image\/","url":"https:\/\/ritme.com\/wp-content\/uploads\/2021\/06\/Ritme_200x86.svg","contentUrl":"https:\/\/ritme.com\/wp-content\/uploads\/2021\/06\/Ritme_200x86.svg","caption":"RITME"},"image":{"@id":"https:\/\/ritme.com\/it\/#\/schema\/logo\/image\/"}},{"@type":"Person","@id":"https:\/\/ritme.com\/it\/#\/schema\/person\/4b4d839f65da129f0733de700e6d1d4a","name":"Lila AIT ISSAD","image":{"@type":"ImageObject","inLanguage":"it-IT","@id":"https:\/\/secure.gravatar.com\/avatar\/ef1972575d5024ebd7b32c9132b66ded496a30892c034f7e6bab39c3626a67d6?s=96&d=mm&r=g","url":"https:\/\/secure.gravatar.com\/avatar\/ef1972575d5024ebd7b32c9132b66ded496a30892c034f7e6bab39c3626a67d6?s=96&d=mm&r=g","contentUrl":"https:\/\/secure.gravatar.com\/avatar\/ef1972575d5024ebd7b32c9132b66ded496a30892c034f7e6bab39c3626a67d6?s=96&d=mm&r=g","caption":"Lila AIT ISSAD"},"url":"https:\/\/ritme.com\/it\/author\/adminritme\/"}]}},"uagb_featured_image_src":{"full":["https:\/\/ritme.com\/wp-content\/uploads\/2022\/02\/Paris_Dakar_1080.png",1080,1080,false],"thumbnail":["https:\/\/ritme.com\/wp-content\/uploads\/2022\/02\/Paris_Dakar_1080-300x300.png",300,300,true],"medium":["https:\/\/ritme.com\/wp-content\/uploads\/2022\/02\/Paris_Dakar_1080-500x500.png",500,500,true],"medium_large":["https:\/\/ritme.com\/wp-content\/uploads\/2022\/02\/Paris_Dakar_1080-768x768.png",768,768,true],"large":["https:\/\/ritme.com\/wp-content\/uploads\/2022\/02\/Paris_Dakar_1080-1024x1024.png",1024,1024,true],"1536x1536":["https:\/\/ritme.com\/wp-content\/uploads\/2022\/02\/Paris_Dakar_1080.png",1080,1080,false],"2048x2048":["https:\/\/ritme.com\/wp-content\/uploads\/2022\/02\/Paris_Dakar_1080.png",1080,1080,false]},"uagb_author_info":{"display_name":"Lila AIT ISSAD","author_link":"https:\/\/ritme.com\/it\/author\/adminritme\/"},"uagb_comment_info":0,"uagb_excerpt":"Il team RITME \u00e8 orgoglioso di sostenere la spedizione umanitaria&nbsp;RENDEZ-VOUS \u00c0&nbsp;DAKAR. Durante questa spedizione, l&#8217;avventuriero&nbsp;Thomas G\u00c9RARD&nbsp;affronter\u00e0 la sfida di andare in moto da Parigi a Dakar, in totale autonomia e senza assistenza. Pi\u00f9 di 7.000 km lo attendono attraverso Francia, Spagna, Marocco, Sahara occidentale, Mauritania e Senegal. \u200bL&#8217;obiettivo della spedizione \u00e8 di raccogliere 48.000 euro&hellip;","_links":{"self":[{"href":"https:\/\/ritme.com\/it\/wp-json\/wp\/v2\/posts\/21952","targetHints":{"allow":["GET"]}}],"collection":[{"href":"https:\/\/ritme.com\/it\/wp-json\/wp\/v2\/posts"}],"about":[{"href":"https:\/\/ritme.com\/it\/wp-json\/wp\/v2\/types\/post"}],"author":[{"embeddable":true,"href":"https:\/\/ritme.com\/it\/wp-json\/wp\/v2\/users\/2"}],"replies":[{"embeddable":true,"href":"https:\/\/ritme.com\/it\/wp-json\/wp\/v2\/comments?post=21952"}],"version-history":[{"count":6,"href":"https:\/\/ritme.com\/it\/wp-json\/wp\/v2\/posts\/21952\/revisions"}],"predecessor-version":[{"id":22509,"href":"https:\/\/ritme.com\/it\/wp-json\/wp\/v2\/posts\/21952\/revisions\/22509"}],"wp:featuredmedia":[{"embeddable":true,"href":"https:\/\/ritme.com\/it\/wp-json\/wp\/v2\/media\/21661"}],"wp:attachment":[{"href":"https:\/\/ritme.com\/it\/wp-json\/wp\/v2\/media?parent=21952"}],"wp:term":[{"taxonomy":"category","embeddable":true,"href":"https:\/\/ritme.com\/it\/wp-json\/wp\/v2\/categories?post=21952"},{"taxonomy":"post_tag","embeddable":true,"href":"https:\/\/ritme.com\/it\/wp-json\/wp\/v2\/tags?post=21952"}],"curies":[{"name":"wp","href":"https:\/\/api.w.org\/{rel}","templated":true}]}}